{"id":3903,"date":"2024-01-25T14:47:42","date_gmt":"2024-01-25T13:47:42","guid":{"rendered":"https:\/\/www.bastadcamping.se\/ostern-auf-bastad-camping-2\/"},"modified":"2026-02-23T10:15:56","modified_gmt":"2026-02-23T09:15:56","slug":"ostern-auf-bastad-camping-2","status":"publish","type":"post","link":"https:\/\/www.bastadcamping.se\/de\/ostern-auf-bastad-camping-2\/","title":{"rendered":"Ostern auf B\u00e5stad Camping"},"content":{"rendered":"<p>[et_pb_section admin_label=&#8220;section&#8220;]<br \/>\n\t\t\t[et_pb_row admin_label=&#8220;Zeile&#8220;]<br \/>\n\t\t\t\t[et_pb_column type=&#8220;4_4&#8243;][et_pb_text admin_label=&#8220;Text&#8220;]<\/p>\n\n<p>Wir haben ein volles Programm mit lustigen, leckeren und cleveren Aktivit\u00e4ten f\u00fcr Jung und Alt. Sichern Sie sich noch heute Ihren Platz und erleben Sie mit uns ein fantastisches Osterfest! Es gibt Osterbasteleien, ein Grillfest, ein Kneipenquiz, Musik-Bingo und nat\u00fcrlich eine Fahrt mit Morris!<\/p>\n\n<p>Schauen Sie im Veranstaltungskalender nach, welche Veranstaltung Sie besuchen m\u00f6chten: <a href=\"https:\/\/www.bastadcamping.se\/de\/kommende-veranstaltungen\/\">https:\/\/www.bastadcamping.se\/kommande-event\/<\/a><\/p>\n<p>[\/et_pb_text][\/et_pb_column]<br \/>\n\t\t\t[\/et_pb_row]<br \/>\n\t\t[\/et_pb_section]<\/p>\n","protected":false},"excerpt":{"rendered":"<p>Wir haben ein volles Programm mit lustigen, leckeren und cleveren Aktivit\u00e4ten f\u00fcr Jung und Alt. Sichern Sie sich noch heute Ihren Platz und erleben Sie mit uns ein fantastisches Osterfest! [&hellip;]<\/p>\n","protected":false},"author":7,"featured_media":3890,"comment_status":"open","ping_status":"open","sticky":false,"template":"","format":"standard","meta":{"_et_pb_use_builder":"on","_et_pb_old_content":"","_et_gb_content_width":"","footnotes":""},"categories":[13],"tags":[],"class_list":["post-3903","post","type-post","status-publish","format-standard","has-post-thumbnail","hentry","category-unkategorisiert"],"yoast_head":"<!-- This site is optimized with the Yoast SEO plugin v27.5 - https:\/\/yoast.com\/product\/yoast-seo-wordpress\/ -->\n<title>Ostern auf B\u00e5stad Camping - B\u00e5stad Camping<\/title>\n<meta name=\"robots\" content=\"index, follow, max-snippet:-1, max-image-preview:large, max-video-preview:-1\" \/>\n<link rel=\"canonical\" href=\"https:\/\/www.bastadcamping.se\/de\/ostern-auf-bastad-camping-2\/\" \/>\n<meta property=\"og:locale\" content=\"de_DE\" \/>\n<meta property=\"og:type\" content=\"article\" \/>\n<meta property=\"og:title\" content=\"Ostern auf B\u00e5stad Camping - B\u00e5stad Camping\" \/>\n<meta property=\"og:description\" content=\"Wir haben ein volles Programm mit lustigen, leckeren und cleveren Aktivit\u00e4ten f\u00fcr Jung und Alt. Sichern Sie sich noch heute Ihren Platz und erleben Sie mit uns ein fantastisches Osterfest! [&hellip;]\" \/>\n<meta property=\"og:url\" content=\"https:\/\/www.bastadcamping.se\/de\/ostern-auf-bastad-camping-2\/\" \/>\n<meta property=\"og:site_name\" content=\"B\u00e5stad Camping\" \/>\n<meta property=\"article:publisher\" content=\"https:\/\/www.facebook.com\/BastadCamping\" \/>\n<meta property=\"article:published_time\" content=\"2024-01-25T13:47:42+00:00\" \/>\n<meta property=\"article:modified_time\" content=\"2026-02-23T09:15:56+00:00\" \/>\n<meta property=\"og:image\" content=\"https:\/\/www.bastadcamping.se\/wp-content\/uploads\/2024\/01\/20170412_132030.jpg\" \/>\n\t<meta property=\"og:image:width\" content=\"1440\" \/>\n\t<meta property=\"og:image:height\" content=\"1920\" \/>\n\t<meta property=\"og:image:type\" content=\"image\/jpeg\" \/>\n<meta name=\"author\" content=\"Reception\" \/>\n<meta name=\"twitter:card\" content=\"summary_large_image\" \/>\n<meta name=\"twitter:label1\" content=\"Verfasst von\" \/>\n\t<meta name=\"twitter:data1\" content=\"Reception\" \/>\n<script type=\"application\/ld+json\" class=\"yoast-schema-graph\">{\"@context\":\"https:\\\/\\\/schema.org\",\"@graph\":[{\"@type\":\"Article\",\"@id\":\"https:\\\/\\\/www.bastadcamping.se\\\/de\\\/ostern-auf-bastad-camping-2\\\/#article\",\"isPartOf\":{\"@id\":\"https:\\\/\\\/www.bastadcamping.se\\\/de\\\/ostern-auf-bastad-camping-2\\\/\"},\"author\":{\"name\":\"Reception\",\"@id\":\"https:\\\/\\\/www.bastadcamping.se\\\/de\\\/#\\\/schema\\\/person\\\/76379781c0d4d9547079901bcb5ea862\"},\"headline\":\"Ostern auf B\u00e5stad Camping\",\"datePublished\":\"2024-01-25T13:47:42+00:00\",\"dateModified\":\"2026-02-23T09:15:56+00:00\",\"mainEntityOfPage\":{\"@id\":\"https:\\\/\\\/www.bastadcamping.se\\\/de\\\/ostern-auf-bastad-camping-2\\\/\"},\"wordCount\":102,\"commentCount\":0,\"publisher\":{\"@id\":\"https:\\\/\\\/www.bastadcamping.se\\\/de\\\/#organization\"},\"image\":{\"@id\":\"https:\\\/\\\/www.bastadcamping.se\\\/de\\\/ostern-auf-bastad-camping-2\\\/#primaryimage\"},\"thumbnailUrl\":\"https:\\\/\\\/www.bastadcamping.se\\\/wp-content\\\/uploads\\\/2024\\\/01\\\/20170412_132030.jpg\",\"articleSection\":[\"Unkategorisiert\"],\"inLanguage\":\"de\",\"potentialAction\":[{\"@type\":\"CommentAction\",\"name\":\"Comment\",\"target\":[\"https:\\\/\\\/www.bastadcamping.se\\\/de\\\/ostern-auf-bastad-camping-2\\\/#respond\"]}]},{\"@type\":\"WebPage\",\"@id\":\"https:\\\/\\\/www.bastadcamping.se\\\/de\\\/ostern-auf-bastad-camping-2\\\/\",\"url\":\"https:\\\/\\\/www.bastadcamping.se\\\/de\\\/ostern-auf-bastad-camping-2\\\/\",\"name\":\"Ostern auf B\u00e5stad Camping - B\u00e5stad Camping\",\"isPartOf\":{\"@id\":\"https:\\\/\\\/www.bastadcamping.se\\\/de\\\/#website\"},\"primaryImageOfPage\":{\"@id\":\"https:\\\/\\\/www.bastadcamping.se\\\/de\\\/ostern-auf-bastad-camping-2\\\/#primaryimage\"},\"image\":{\"@id\":\"https:\\\/\\\/www.bastadcamping.se\\\/de\\\/ostern-auf-bastad-camping-2\\\/#primaryimage\"},\"thumbnailUrl\":\"https:\\\/\\\/www.bastadcamping.se\\\/wp-content\\\/uploads\\\/2024\\\/01\\\/20170412_132030.jpg\",\"datePublished\":\"2024-01-25T13:47:42+00:00\",\"dateModified\":\"2026-02-23T09:15:56+00:00\",\"breadcrumb\":{\"@id\":\"https:\\\/\\\/www.bastadcamping.se\\\/de\\\/ostern-auf-bastad-camping-2\\\/#breadcrumb\"},\"inLanguage\":\"de\",\"potentialAction\":[{\"@type\":\"ReadAction\",\"target\":[\"https:\\\/\\\/www.bastadcamping.se\\\/de\\\/ostern-auf-bastad-camping-2\\\/\"]}]},{\"@type\":\"ImageObject\",\"inLanguage\":\"de\",\"@id\":\"https:\\\/\\\/www.bastadcamping.se\\\/de\\\/ostern-auf-bastad-camping-2\\\/#primaryimage\",\"url\":\"https:\\\/\\\/www.bastadcamping.se\\\/wp-content\\\/uploads\\\/2024\\\/01\\\/20170412_132030.jpg\",\"contentUrl\":\"https:\\\/\\\/www.bastadcamping.se\\\/wp-content\\\/uploads\\\/2024\\\/01\\\/20170412_132030.jpg\",\"width\":1440,\"height\":1920},{\"@type\":\"BreadcrumbList\",\"@id\":\"https:\\\/\\\/www.bastadcamping.se\\\/de\\\/ostern-auf-bastad-camping-2\\\/#breadcrumb\",\"itemListElement\":[{\"@type\":\"ListItem\",\"position\":1,\"name\":\"Hem\",\"item\":\"https:\\\/\\\/www.bastadcamping.se\\\/de\\\/hem\\\/\"},{\"@type\":\"ListItem\",\"position\":2,\"name\":\"Ostern auf B\u00e5stad Camping\"}]},{\"@type\":\"WebSite\",\"@id\":\"https:\\\/\\\/www.bastadcamping.se\\\/de\\\/#website\",\"url\":\"https:\\\/\\\/www.bastadcamping.se\\\/de\\\/\",\"name\":\"B\u00e5stad Camping\",\"description\":\"\",\"publisher\":{\"@id\":\"https:\\\/\\\/www.bastadcamping.se\\\/de\\\/#organization\"},\"potentialAction\":[{\"@type\":\"SearchAction\",\"target\":{\"@type\":\"EntryPoint\",\"urlTemplate\":\"https:\\\/\\\/www.bastadcamping.se\\\/de\\\/?s={search_term_string}\"},\"query-input\":{\"@type\":\"PropertyValueSpecification\",\"valueRequired\":true,\"valueName\":\"search_term_string\"}}],\"inLanguage\":\"de\"},{\"@type\":\"Organization\",\"@id\":\"https:\\\/\\\/www.bastadcamping.se\\\/de\\\/#organization\",\"name\":\"B\u00e5stad Camping\",\"url\":\"https:\\\/\\\/www.bastadcamping.se\\\/de\\\/\",\"logo\":{\"@type\":\"ImageObject\",\"inLanguage\":\"de\",\"@id\":\"https:\\\/\\\/www.bastadcamping.se\\\/de\\\/#\\\/schema\\\/logo\\\/image\\\/\",\"url\":\"https:\\\/\\\/www.bastadcamping.se\\\/wp-content\\\/uploads\\\/2023\\\/05\\\/cropped-Bastad-camping-symbol.jpg\",\"contentUrl\":\"https:\\\/\\\/www.bastadcamping.se\\\/wp-content\\\/uploads\\\/2023\\\/05\\\/cropped-Bastad-camping-symbol.jpg\",\"width\":512,\"height\":512,\"caption\":\"B\u00e5stad Camping\"},\"image\":{\"@id\":\"https:\\\/\\\/www.bastadcamping.se\\\/de\\\/#\\\/schema\\\/logo\\\/image\\\/\"},\"sameAs\":[\"https:\\\/\\\/www.facebook.com\\\/BastadCamping\",\"https:\\\/\\\/www.instagram.com\\\/bastadcamping\\\/\"]},{\"@type\":\"Person\",\"@id\":\"https:\\\/\\\/www.bastadcamping.se\\\/de\\\/#\\\/schema\\\/person\\\/76379781c0d4d9547079901bcb5ea862\",\"name\":\"Reception\",\"image\":{\"@type\":\"ImageObject\",\"inLanguage\":\"de\",\"@id\":\"https:\\\/\\\/secure.gravatar.com\\\/avatar\\\/361885880e82c486761702f9a9ea5f7b4dcabf03542bd09f6cb4734c8b8b0241?s=96&d=mm&r=g\",\"url\":\"https:\\\/\\\/secure.gravatar.com\\\/avatar\\\/361885880e82c486761702f9a9ea5f7b4dcabf03542bd09f6cb4734c8b8b0241?s=96&d=mm&r=g\",\"contentUrl\":\"https:\\\/\\\/secure.gravatar.com\\\/avatar\\\/361885880e82c486761702f9a9ea5f7b4dcabf03542bd09f6cb4734c8b8b0241?s=96&d=mm&r=g\",\"caption\":\"Reception\"},\"url\":\"https:\\\/\\\/www.bastadcamping.se\\\/de\\\/author\\\/reception\\\/\"}]}<\/script>\n<!-- \/ Yoast SEO plugin. -->","yoast_head_json":{"title":"Ostern auf B\u00e5stad Camping - B\u00e5stad Camping","robots":{"index":"index","follow":"follow","max-snippet":"max-snippet:-1","max-image-preview":"max-image-preview:large","max-video-preview":"max-video-preview:-1"},"canonical":"https:\/\/www.bastadcamping.se\/de\/ostern-auf-bastad-camping-2\/","og_locale":"de_DE","og_type":"article","og_title":"Ostern auf B\u00e5stad Camping - B\u00e5stad Camping","og_description":"Wir haben ein volles Programm mit lustigen, leckeren und cleveren Aktivit\u00e4ten f\u00fcr Jung und Alt. Sichern Sie sich noch heute Ihren Platz und erleben Sie mit uns ein fantastisches Osterfest! [&hellip;]","og_url":"https:\/\/www.bastadcamping.se\/de\/ostern-auf-bastad-camping-2\/","og_site_name":"B\u00e5stad Camping","article_publisher":"https:\/\/www.facebook.com\/BastadCamping","article_published_time":"2024-01-25T13:47:42+00:00","article_modified_time":"2026-02-23T09:15:56+00:00","og_image":[{"width":1440,"height":1920,"url":"https:\/\/www.bastadcamping.se\/wp-content\/uploads\/2024\/01\/20170412_132030.jpg","type":"image\/jpeg"}],"author":"Reception","twitter_card":"summary_large_image","twitter_misc":{"Verfasst von":"Reception"},"schema":{"@context":"https:\/\/schema.org","@graph":[{"@type":"Article","@id":"https:\/\/www.bastadcamping.se\/de\/ostern-auf-bastad-camping-2\/#article","isPartOf":{"@id":"https:\/\/www.bastadcamping.se\/de\/ostern-auf-bastad-camping-2\/"},"author":{"name":"Reception","@id":"https:\/\/www.bastadcamping.se\/de\/#\/schema\/person\/76379781c0d4d9547079901bcb5ea862"},"headline":"Ostern auf B\u00e5stad Camping","datePublished":"2024-01-25T13:47:42+00:00","dateModified":"2026-02-23T09:15:56+00:00","mainEntityOfPage":{"@id":"https:\/\/www.bastadcamping.se\/de\/ostern-auf-bastad-camping-2\/"},"wordCount":102,"commentCount":0,"publisher":{"@id":"https:\/\/www.bastadcamping.se\/de\/#organization"},"image":{"@id":"https:\/\/www.bastadcamping.se\/de\/ostern-auf-bastad-camping-2\/#primaryimage"},"thumbnailUrl":"https:\/\/www.bastadcamping.se\/wp-content\/uploads\/2024\/01\/20170412_132030.jpg","articleSection":["Unkategorisiert"],"inLanguage":"de","potentialAction":[{"@type":"CommentAction","name":"Comment","target":["https:\/\/www.bastadcamping.se\/de\/ostern-auf-bastad-camping-2\/#respond"]}]},{"@type":"WebPage","@id":"https:\/\/www.bastadcamping.se\/de\/ostern-auf-bastad-camping-2\/","url":"https:\/\/www.bastadcamping.se\/de\/ostern-auf-bastad-camping-2\/","name":"Ostern auf B\u00e5stad Camping - B\u00e5stad Camping","isPartOf":{"@id":"https:\/\/www.bastadcamping.se\/de\/#website"},"primaryImageOfPage":{"@id":"https:\/\/www.bastadcamping.se\/de\/ostern-auf-bastad-camping-2\/#primaryimage"},"image":{"@id":"https:\/\/www.bastadcamping.se\/de\/ostern-auf-bastad-camping-2\/#primaryimage"},"thumbnailUrl":"https:\/\/www.bastadcamping.se\/wp-content\/uploads\/2024\/01\/20170412_132030.jpg","datePublished":"2024-01-25T13:47:42+00:00","dateModified":"2026-02-23T09:15:56+00:00","breadcrumb":{"@id":"https:\/\/www.bastadcamping.se\/de\/ostern-auf-bastad-camping-2\/#breadcrumb"},"inLanguage":"de","potentialAction":[{"@type":"ReadAction","target":["https:\/\/www.bastadcamping.se\/de\/ostern-auf-bastad-camping-2\/"]}]},{"@type":"ImageObject","inLanguage":"de","@id":"https:\/\/www.bastadcamping.se\/de\/ostern-auf-bastad-camping-2\/#primaryimage","url":"https:\/\/www.bastadcamping.se\/wp-content\/uploads\/2024\/01\/20170412_132030.jpg","contentUrl":"https:\/\/www.bastadcamping.se\/wp-content\/uploads\/2024\/01\/20170412_132030.jpg","width":1440,"height":1920},{"@type":"BreadcrumbList","@id":"https:\/\/www.bastadcamping.se\/de\/ostern-auf-bastad-camping-2\/#breadcrumb","itemListElement":[{"@type":"ListItem","position":1,"name":"Hem","item":"https:\/\/www.bastadcamping.se\/de\/hem\/"},{"@type":"ListItem","position":2,"name":"Ostern auf B\u00e5stad Camping"}]},{"@type":"WebSite","@id":"https:\/\/www.bastadcamping.se\/de\/#website","url":"https:\/\/www.bastadcamping.se\/de\/","name":"B\u00e5stad Camping","description":"","publisher":{"@id":"https:\/\/www.bastadcamping.se\/de\/#organization"},"potentialAction":[{"@type":"SearchAction","target":{"@type":"EntryPoint","urlTemplate":"https:\/\/www.bastadcamping.se\/de\/?s={search_term_string}"},"query-input":{"@type":"PropertyValueSpecification","valueRequired":true,"valueName":"search_term_string"}}],"inLanguage":"de"},{"@type":"Organization","@id":"https:\/\/www.bastadcamping.se\/de\/#organization","name":"B\u00e5stad Camping","url":"https:\/\/www.bastadcamping.se\/de\/","logo":{"@type":"ImageObject","inLanguage":"de","@id":"https:\/\/www.bastadcamping.se\/de\/#\/schema\/logo\/image\/","url":"https:\/\/www.bastadcamping.se\/wp-content\/uploads\/2023\/05\/cropped-Bastad-camping-symbol.jpg","contentUrl":"https:\/\/www.bastadcamping.se\/wp-content\/uploads\/2023\/05\/cropped-Bastad-camping-symbol.jpg","width":512,"height":512,"caption":"B\u00e5stad Camping"},"image":{"@id":"https:\/\/www.bastadcamping.se\/de\/#\/schema\/logo\/image\/"},"sameAs":["https:\/\/www.facebook.com\/BastadCamping","https:\/\/www.instagram.com\/bastadcamping\/"]},{"@type":"Person","@id":"https:\/\/www.bastadcamping.se\/de\/#\/schema\/person\/76379781c0d4d9547079901bcb5ea862","name":"Reception","image":{"@type":"ImageObject","inLanguage":"de","@id":"https:\/\/secure.gravatar.com\/avatar\/361885880e82c486761702f9a9ea5f7b4dcabf03542bd09f6cb4734c8b8b0241?s=96&d=mm&r=g","url":"https:\/\/secure.gravatar.com\/avatar\/361885880e82c486761702f9a9ea5f7b4dcabf03542bd09f6cb4734c8b8b0241?s=96&d=mm&r=g","contentUrl":"https:\/\/secure.gravatar.com\/avatar\/361885880e82c486761702f9a9ea5f7b4dcabf03542bd09f6cb4734c8b8b0241?s=96&d=mm&r=g","caption":"Reception"},"url":"https:\/\/www.bastadcamping.se\/de\/author\/reception\/"}]}},"_links":{"self":[{"href":"https:\/\/www.bastadcamping.se\/de\/wp-json\/wp\/v2\/posts\/3903","targetHints":{"allow":["GET"]}}],"collection":[{"href":"https:\/\/www.bastadcamping.se\/de\/wp-json\/wp\/v2\/posts"}],"about":[{"href":"https:\/\/www.bastadcamping.se\/de\/wp-json\/wp\/v2\/types\/post"}],"author":[{"embeddable":true,"href":"https:\/\/www.bastadcamping.se\/de\/wp-json\/wp\/v2\/users\/7"}],"replies":[{"embeddable":true,"href":"https:\/\/www.bastadcamping.se\/de\/wp-json\/wp\/v2\/comments?post=3903"}],"version-history":[{"count":2,"href":"https:\/\/www.bastadcamping.se\/de\/wp-json\/wp\/v2\/posts\/3903\/revisions"}],"predecessor-version":[{"id":5157,"href":"https:\/\/www.bastadcamping.se\/de\/wp-json\/wp\/v2\/posts\/3903\/revisions\/5157"}],"wp:featuredmedia":[{"embeddable":true,"href":"https:\/\/www.bastadcamping.se\/de\/wp-json\/wp\/v2\/media\/3890"}],"wp:attachment":[{"href":"https:\/\/www.bastadcamping.se\/de\/wp-json\/wp\/v2\/media?parent=3903"}],"wp:term":[{"taxonomy":"category","embeddable":true,"href":"https:\/\/www.bastadcamping.se\/de\/wp-json\/wp\/v2\/categories?post=3903"},{"taxonomy":"post_tag","embeddable":true,"href":"https:\/\/www.bastadcamping.se\/de\/wp-json\/wp\/v2\/tags?post=3903"}],"curies":[{"name":"wp","href":"https:\/\/api.w.org\/{rel}","templated":true}]}}